{"id":4145,"date":"2025-10-02T11:20:21","date_gmt":"2025-10-02T11:20:21","guid":{"rendered":"https:\/\/www.cruzroja.org.ar\/corrientes\/?p=4145"},"modified":"2025-10-02T11:20:21","modified_gmt":"2025-10-02T11:20:21","slug":"el-centro-integral-de-la-cruz-roja-argentina-cumple-35-anos-de-trabajo-humanitario-en-corrientes","status":"publish","type":"post","link":"https:\/\/www.cruzroja.org.ar\/corrientes\/el-centro-integral-de-la-cruz-roja-argentina-cumple-35-anos-de-trabajo-humanitario-en-corrientes\/","title":{"rendered":"El Centro Integral de la Cruz Roja Argentina cumple 35 a\u00f1os de trabajo humanitario en Corrientes"},"content":{"rendered":"<p>En el coraz\u00f3n del barrio, el Centro Integral ofrece servicios esenciales como alimentaci\u00f3n diaria, educaci\u00f3n inicial, apoyo escolar y acompa\u00f1amiento social, consolid\u00e1ndose como un espacio clave para cientos de familias en situaci\u00f3n de vulnerabilidad.<\/p>\r\n\r\n<p>Actualmente, m\u00e1s de 200 familias retiran diariamente sus almuerzos para compartir en sus hogares. Adem\u00e1s, el centro cuenta con un programa de apoyo escolar gratuito para ni\u00f1as y ni\u00f1os de 6 a 14 a\u00f1os, y funciona all\u00ed el Jard\u00edn Cruz Roja Argentina, que recibe a m\u00e1s de 360 ni\u00f1os y ni\u00f1as, desde beb\u00e9s de 45 d\u00edas hasta los 5 a\u00f1os.<\/p>\r\n\r\n<p>Mariela Contreras, Presidente de la Comisi\u00f3n Directiva de Cruz Roja Argentina Filial Corrientes, dijo; \u201cCelebrar los 35 a\u00f1os de este lugar es honrar un compromiso que Cruz Roja Argentina asumi\u00f3 con la comunidad del Quinta Ferr\u00e9 desde 1990. Este espacio no solo brinda servicios esenciales, sino que construye d\u00eda a d\u00eda un presente m\u00e1s digno para muchas familias. Adem\u00e1s, agreg\u00f3 que \u201ccada familia que con nosotros encuentra contenci\u00f3n y oportunidades, nos impulsa a seguir trabajando por quienes m\u00e1s lo necesitan\u201d.<\/p>\r\n<strong>\r\n<p>Un jard\u00edn \u00fanico en el mundo<\/p><\/strong>\r\n\r\n<p>Una de las particularidades m\u00e1s destacadas del Centro Integral es que all\u00ed funciona el primer Jard\u00edn de Cruz Roja en Latinoam\u00e9rica, y el \u00fanico en todo el mundo con estas caracter\u00edsticas. Inaugurado en 2012 como IPP N\u00ba 65, el jard\u00edn ofrece educaci\u00f3n inicial gratuita y de calidad, y ya han egresado m\u00e1s de 700 alumnos.<\/p>\r\n\r\n<p>Los ni\u00f1os y ni\u00f1as del jard\u00edn acceden a clases de ingl\u00e9s, inform\u00e1tica, m\u00fasica y educaci\u00f3n f\u00edsica, en turnos ma\u00f1ana y tarde. Esta propuesta educativa se complementa con el acompa\u00f1amiento social que se brinda a las familias y con la infraestructura pensada especialmente para la primera infancia.<\/p>\r\n\r\n<p>Todos los servicios del Centro Integral son gratuitos y est\u00e1n enfocados en mejorar la calidad de vida de las personas, en l\u00ednea con la misi\u00f3n de Cruz Roja Argentina: \u201cContribuir a mejorar la vida de las personas, especialmente aquellas que se encuentran en situaci\u00f3n de vulnerabilidad.\u201d<\/p>\r\n\r\n ","protected":false},"excerpt":{"rendered":"<p>La Cruz Roja Argentina celebra el 35\u00ba aniversario de su Centro Integral \u201cCarlos Balea Arribas\u201d, ubicado en el barrio Quinta Ferr\u00e9 de la ciudad de Corrientes. Desde su fundaci\u00f3n, el 2 de octubre de 1990, este lugar ha sido fundamental en el desarrollo comunitario, brindando asistencia y contenci\u00f3n a m\u00e1s de 1.500 personas cada a\u00f1o.<\/p>\n","protected":false},"author":2,"featured_media":4146,"comment_status":"open","ping_status":"open","sticky":false,"template":"","format":"standard","meta":[],"categories":[1],"tags":[],"acf":[],"yoast_head":"<!-- This site is optimized with the Yoast SEO plugin v19.2 - https:\/\/yoast.com\/wordpress\/plugins\/seo\/ -->\n<title>El Centro Integral de la Cruz Roja Argentina cumple 35 a\u00f1os de trabajo humanitario en Corrientes - Cruz Roja Argentina Filial Corrientes<\/title>\n<meta name=\"robots\" content=\"index, follow, max-snippet:-1, max-image-preview:large, max-video-preview:-1\" \/>\n<link rel=\"canonical\" href=\"https:\/\/www.cruzroja.org.ar\/corrientes\/el-centro-integral-de-la-cruz-roja-argentina-cumple-35-anos-de-trabajo-humanitario-en-corrientes\/\" \/>\n<meta property=\"og:locale\" content=\"es_ES\" \/>\n<meta property=\"og:type\" content=\"article\" \/>\n<meta property=\"og:title\" content=\"El Centro Integral de la Cruz Roja Argentina cumple 35 a\u00f1os de trabajo humanitario en Corrientes - Cruz Roja Argentina Filial Corrientes\" \/>\n<meta property=\"og:description\" content=\"La Cruz Roja Argentina celebra el 35\u00ba aniversario de su Centro Integral \u201cCarlos Balea Arribas\u201d, ubicado en el barrio Quinta Ferr\u00e9 de la ciudad de Corrientes. Desde su fundaci\u00f3n, el 2 de octubre de 1990, este lugar ha sido fundamental en el desarrollo comunitario, brindando asistencia y contenci\u00f3n a m\u00e1s de 1.500 personas cada a\u00f1o.\" \/>\n<meta property=\"og:url\" content=\"https:\/\/www.cruzroja.org.ar\/corrientes\/el-centro-integral-de-la-cruz-roja-argentina-cumple-35-anos-de-trabajo-humanitario-en-corrientes\/\" \/>\n<meta property=\"og:site_name\" content=\"Cruz Roja Argentina Filial Corrientes\" \/>\n<meta property=\"article:published_time\" content=\"2025-10-02T11:20:21+00:00\" \/>\n<meta property=\"og:image\" content=\"https:\/\/www.cruzroja.org.ar\/corrientes\/wp-content\/uploads\/2025\/10\/DSC_6637-scaled.jpg\" \/>\n\t<meta property=\"og:image:width\" content=\"2560\" \/>\n\t<meta property=\"og:image:height\" content=\"1707\" \/>\n\t<meta property=\"og:image:type\" content=\"image\/jpeg\" \/>\n<meta name=\"author\" content=\"maxi\" \/>\n<meta name=\"twitter:card\" content=\"summary\" \/>\n<meta name=\"twitter:label1\" content=\"Escrito por\" \/>\n\t<meta name=\"twitter:data1\" content=\"maxi\" \/>\n\t<meta name=\"twitter:label2\" content=\"Tiempo de lectura\" \/>\n\t<meta name=\"twitter:data2\" content=\"2 minutos\" \/>\n<script type=\"application\/ld+json\" class=\"yoast-schema-graph\">{\"@context\":\"https:\/\/schema.org\",\"@graph\":[{\"@type\":\"WebSite\",\"@id\":\"https:\/\/www.cruzroja.org.ar\/corrientes\/#website\",\"url\":\"https:\/\/www.cruzroja.org.ar\/corrientes\/\",\"name\":\"Cruz Roja Argentina Filial Corrientes\",\"description\":\"Cruz Roja Argentina Filial Corrientes\",\"potentialAction\":[{\"@type\":\"SearchAction\",\"target\":{\"@type\":\"EntryPoint\",\"urlTemplate\":\"https:\/\/www.cruzroja.org.ar\/corrientes\/?s={search_term_string}\"},\"query-input\":\"required name=search_term_string\"}],\"inLanguage\":\"es\"},{\"@type\":\"ImageObject\",\"inLanguage\":\"es\",\"@id\":\"https:\/\/www.cruzroja.org.ar\/corrientes\/el-centro-integral-de-la-cruz-roja-argentina-cumple-35-anos-de-trabajo-humanitario-en-corrientes\/#primaryimage\",\"url\":\"https:\/\/www.cruzroja.org.ar\/corrientes\/wp-content\/uploads\/2025\/10\/DSC_6637-scaled.jpg\",\"contentUrl\":\"https:\/\/www.cruzroja.org.ar\/corrientes\/wp-content\/uploads\/2025\/10\/DSC_6637-scaled.jpg\",\"width\":2560,\"height\":1707},{\"@type\":\"WebPage\",\"@id\":\"https:\/\/www.cruzroja.org.ar\/corrientes\/el-centro-integral-de-la-cruz-roja-argentina-cumple-35-anos-de-trabajo-humanitario-en-corrientes\/#webpage\",\"url\":\"https:\/\/www.cruzroja.org.ar\/corrientes\/el-centro-integral-de-la-cruz-roja-argentina-cumple-35-anos-de-trabajo-humanitario-en-corrientes\/\",\"name\":\"El Centro Integral de la Cruz Roja Argentina cumple 35 a\u00f1os de trabajo humanitario en Corrientes - Cruz Roja Argentina Filial Corrientes\",\"isPartOf\":{\"@id\":\"https:\/\/www.cruzroja.org.ar\/corrientes\/#website\"},\"primaryImageOfPage\":{\"@id\":\"https:\/\/www.cruzroja.org.ar\/corrientes\/el-centro-integral-de-la-cruz-roja-argentina-cumple-35-anos-de-trabajo-humanitario-en-corrientes\/#primaryimage\"},\"datePublished\":\"2025-10-02T11:20:21+00:00\",\"dateModified\":\"2025-10-02T11:20:21+00:00\",\"author\":{\"@id\":\"https:\/\/www.cruzroja.org.ar\/corrientes\/#\/schema\/person\/d18c90957aebcfe394f8e20e23fa95c2\"},\"breadcrumb\":{\"@id\":\"https:\/\/www.cruzroja.org.ar\/corrientes\/el-centro-integral-de-la-cruz-roja-argentina-cumple-35-anos-de-trabajo-humanitario-en-corrientes\/#breadcrumb\"},\"inLanguage\":\"es\",\"potentialAction\":[{\"@type\":\"ReadAction\",\"target\":[\"https:\/\/www.cruzroja.org.ar\/corrientes\/el-centro-integral-de-la-cruz-roja-argentina-cumple-35-anos-de-trabajo-humanitario-en-corrientes\/\"]}]},{\"@type\":\"BreadcrumbList\",\"@id\":\"https:\/\/www.cruzroja.org.ar\/corrientes\/el-centro-integral-de-la-cruz-roja-argentina-cumple-35-anos-de-trabajo-humanitario-en-corrientes\/#breadcrumb\",\"itemListElement\":[{\"@type\":\"ListItem\",\"position\":1,\"name\":\"Portada\",\"item\":\"https:\/\/www.cruzroja.org.ar\/corrientes\/\"},{\"@type\":\"ListItem\",\"position\":2,\"name\":\"El Centro Integral de la Cruz Roja Argentina cumple 35 a\u00f1os de trabajo humanitario en Corrientes\"}]},{\"@type\":\"Person\",\"@id\":\"https:\/\/www.cruzroja.org.ar\/corrientes\/#\/schema\/person\/d18c90957aebcfe394f8e20e23fa95c2\",\"name\":\"maxi\",\"image\":{\"@type\":\"ImageObject\",\"inLanguage\":\"es\",\"@id\":\"https:\/\/www.cruzroja.org.ar\/corrientes\/#\/schema\/person\/image\/\",\"url\":\"https:\/\/secure.gravatar.com\/avatar\/593c15201a4324e157fbe54bfdaf9439?s=96&d=mm&r=g\",\"contentUrl\":\"https:\/\/secure.gravatar.com\/avatar\/593c15201a4324e157fbe54bfdaf9439?s=96&d=mm&r=g\",\"caption\":\"maxi\"},\"url\":\"https:\/\/www.cruzroja.org.ar\/corrientes\/author\/maxi\/\"}]}<\/script>\n<!-- \/ Yoast SEO plugin. -->","yoast_head_json":{"title":"El Centro Integral de la Cruz Roja Argentina cumple 35 a\u00f1os de trabajo humanitario en Corrientes - Cruz Roja Argentina Filial Corrientes","robots":{"index":"index","follow":"follow","max-snippet":"max-snippet:-1","max-image-preview":"max-image-preview:large","max-video-preview":"max-video-preview:-1"},"canonical":"https:\/\/www.cruzroja.org.ar\/corrientes\/el-centro-integral-de-la-cruz-roja-argentina-cumple-35-anos-de-trabajo-humanitario-en-corrientes\/","og_locale":"es_ES","og_type":"article","og_title":"El Centro Integral de la Cruz Roja Argentina cumple 35 a\u00f1os de trabajo humanitario en Corrientes - Cruz Roja Argentina Filial Corrientes","og_description":"La Cruz Roja Argentina celebra el 35\u00ba aniversario de su Centro Integral \u201cCarlos Balea Arribas\u201d, ubicado en el barrio Quinta Ferr\u00e9 de la ciudad de Corrientes. Desde su fundaci\u00f3n, el 2 de octubre de 1990, este lugar ha sido fundamental en el desarrollo comunitario, brindando asistencia y contenci\u00f3n a m\u00e1s de 1.500 personas cada a\u00f1o.","og_url":"https:\/\/www.cruzroja.org.ar\/corrientes\/el-centro-integral-de-la-cruz-roja-argentina-cumple-35-anos-de-trabajo-humanitario-en-corrientes\/","og_site_name":"Cruz Roja Argentina Filial Corrientes","article_published_time":"2025-10-02T11:20:21+00:00","og_image":[{"width":2560,"height":1707,"url":"https:\/\/www.cruzroja.org.ar\/corrientes\/wp-content\/uploads\/2025\/10\/DSC_6637-scaled.jpg","type":"image\/jpeg"}],"author":"maxi","twitter_card":"summary","twitter_misc":{"Escrito por":"maxi","Tiempo de lectura":"2 minutos"},"schema":{"@context":"https:\/\/schema.org","@graph":[{"@type":"WebSite","@id":"https:\/\/www.cruzroja.org.ar\/corrientes\/#website","url":"https:\/\/www.cruzroja.org.ar\/corrientes\/","name":"Cruz Roja Argentina Filial Corrientes","description":"Cruz Roja Argentina Filial Corrientes","potentialAction":[{"@type":"SearchAction","target":{"@type":"EntryPoint","urlTemplate":"https:\/\/www.cruzroja.org.ar\/corrientes\/?s={search_term_string}"},"query-input":"required name=search_term_string"}],"inLanguage":"es"},{"@type":"ImageObject","inLanguage":"es","@id":"https:\/\/www.cruzroja.org.ar\/corrientes\/el-centro-integral-de-la-cruz-roja-argentina-cumple-35-anos-de-trabajo-humanitario-en-corrientes\/#primaryimage","url":"https:\/\/www.cruzroja.org.ar\/corrientes\/wp-content\/uploads\/2025\/10\/DSC_6637-scaled.jpg","contentUrl":"https:\/\/www.cruzroja.org.ar\/corrientes\/wp-content\/uploads\/2025\/10\/DSC_6637-scaled.jpg","width":2560,"height":1707},{"@type":"WebPage","@id":"https:\/\/www.cruzroja.org.ar\/corrientes\/el-centro-integral-de-la-cruz-roja-argentina-cumple-35-anos-de-trabajo-humanitario-en-corrientes\/#webpage","url":"https:\/\/www.cruzroja.org.ar\/corrientes\/el-centro-integral-de-la-cruz-roja-argentina-cumple-35-anos-de-trabajo-humanitario-en-corrientes\/","name":"El Centro Integral de la Cruz Roja Argentina cumple 35 a\u00f1os de trabajo humanitario en Corrientes - Cruz Roja Argentina Filial Corrientes","isPartOf":{"@id":"https:\/\/www.cruzroja.org.ar\/corrientes\/#website"},"primaryImageOfPage":{"@id":"https:\/\/www.cruzroja.org.ar\/corrientes\/el-centro-integral-de-la-cruz-roja-argentina-cumple-35-anos-de-trabajo-humanitario-en-corrientes\/#primaryimage"},"datePublished":"2025-10-02T11:20:21+00:00","dateModified":"2025-10-02T11:20:21+00:00","author":{"@id":"https:\/\/www.cruzroja.org.ar\/corrientes\/#\/schema\/person\/d18c90957aebcfe394f8e20e23fa95c2"},"breadcrumb":{"@id":"https:\/\/www.cruzroja.org.ar\/corrientes\/el-centro-integral-de-la-cruz-roja-argentina-cumple-35-anos-de-trabajo-humanitario-en-corrientes\/#breadcrumb"},"inLanguage":"es","potentialAction":[{"@type":"ReadAction","target":["https:\/\/www.cruzroja.org.ar\/corrientes\/el-centro-integral-de-la-cruz-roja-argentina-cumple-35-anos-de-trabajo-humanitario-en-corrientes\/"]}]},{"@type":"BreadcrumbList","@id":"https:\/\/www.cruzroja.org.ar\/corrientes\/el-centro-integral-de-la-cruz-roja-argentina-cumple-35-anos-de-trabajo-humanitario-en-corrientes\/#breadcrumb","itemListElement":[{"@type":"ListItem","position":1,"name":"Portada","item":"https:\/\/www.cruzroja.org.ar\/corrientes\/"},{"@type":"ListItem","position":2,"name":"El Centro Integral de la Cruz Roja Argentina cumple 35 a\u00f1os de trabajo humanitario en Corrientes"}]},{"@type":"Person","@id":"https:\/\/www.cruzroja.org.ar\/corrientes\/#\/schema\/person\/d18c90957aebcfe394f8e20e23fa95c2","name":"maxi","image":{"@type":"ImageObject","inLanguage":"es","@id":"https:\/\/www.cruzroja.org.ar\/corrientes\/#\/schema\/person\/image\/","url":"https:\/\/secure.gravatar.com\/avatar\/593c15201a4324e157fbe54bfdaf9439?s=96&d=mm&r=g","contentUrl":"https:\/\/secure.gravatar.com\/avatar\/593c15201a4324e157fbe54bfdaf9439?s=96&d=mm&r=g","caption":"maxi"},"url":"https:\/\/www.cruzroja.org.ar\/corrientes\/author\/maxi\/"}]}},"_links":{"self":[{"href":"https:\/\/www.cruzroja.org.ar\/corrientes\/wp-json\/wp\/v2\/posts\/4145"}],"collection":[{"href":"https:\/\/www.cruzroja.org.ar\/corrientes\/wp-json\/wp\/v2\/posts"}],"about":[{"href":"https:\/\/www.cruzroja.org.ar\/corrientes\/wp-json\/wp\/v2\/types\/post"}],"author":[{"embeddable":true,"href":"https:\/\/www.cruzroja.org.ar\/corrientes\/wp-json\/wp\/v2\/users\/2"}],"replies":[{"embeddable":true,"href":"https:\/\/www.cruzroja.org.ar\/corrientes\/wp-json\/wp\/v2\/comments?post=4145"}],"version-history":[{"count":1,"href":"https:\/\/www.cruzroja.org.ar\/corrientes\/wp-json\/wp\/v2\/posts\/4145\/revisions"}],"predecessor-version":[{"id":4147,"href":"https:\/\/www.cruzroja.org.ar\/corrientes\/wp-json\/wp\/v2\/posts\/4145\/revisions\/4147"}],"wp:featuredmedia":[{"embeddable":true,"href":"https:\/\/www.cruzroja.org.ar\/corrientes\/wp-json\/wp\/v2\/media\/4146"}],"wp:attachment":[{"href":"https:\/\/www.cruzroja.org.ar\/corrientes\/wp-json\/wp\/v2\/media?parent=4145"}],"wp:term":[{"taxonomy":"category","embeddable":true,"href":"https:\/\/www.cruzroja.org.ar\/corrientes\/wp-json\/wp\/v2\/categories?post=4145"},{"taxonomy":"post_tag","embeddable":true,"href":"https:\/\/www.cruzroja.org.ar\/corrientes\/wp-json\/wp\/v2\/tags?post=4145"}],"curies":[{"name":"wp","href":"https:\/\/api.w.org\/{rel}","templated":true}]}}