{"id":4149,"date":"2025-10-06T14:59:11","date_gmt":"2025-10-06T14:59:11","guid":{"rendered":"https:\/\/www.cruzroja.org.ar\/corrientes\/?p=4149"},"modified":"2025-10-06T14:59:11","modified_gmt":"2025-10-06T14:59:11","slug":"cruz-roja-dictara-curso-de-lengua-de-senas-para-ninos-2","status":"publish","type":"post","link":"https:\/\/www.cruzroja.org.ar\/corrientes\/cruz-roja-dictara-curso-de-lengua-de-senas-para-ninos-2\/","title":{"rendered":"Cruz Roja dictar\u00e1 curso de Lengua de Se\u00f1as para ni\u00f1os"},"content":{"rendered":"<p>El s\u00e1bado 11 de octubre, a las 9 horas, comenzar\u00e1 un nuevo curso de \u00abLengua de Se\u00f1as para ni\u00f1os\u00bb, una capacitaci\u00f3n en la que participaron m\u00e1s de 100 ni\u00f1os y ni\u00f1as en ediciones anteriores.<\/p>\r\n<p>El curso ser\u00e1 de cuatro clases, que se dictar\u00e1n los s\u00e1bados de 9 a 11 horas a lo largo de dos meses. Los cupos son limitados y est\u00e1 dirigido a ni\u00f1os y ni\u00f1as de entre 5 y 14 a\u00f1os.<\/p>\r\n<p>Mariela Contreras, Presidente de Cruz Roja Argentina Filial Corrientes, dijo: \u00abEs fundamental que los ni\u00f1os aprendan a comunicarse de diferentes maneras. Lengua de se\u00f1as es una puerta hacia la inclusi\u00f3n y el respeto por la diversidad.\u00bb Tambi\u00e9n destac\u00f3: \u00abDesde nuestra filial apostamos a una comunidad m\u00e1s inclusiva, donde todos puedan sentirse parte sin importar las barreras.\u00bb<\/p>\r\n<p>Para inscripciones y reserva de cupos deben dirigirse a la Filial Corrientes de Cruz Roja Argentina ubicada en calle Bol\u00edvar 1219, \u00e1rea contable, de lunes a viernes de 8 a 12 y de 16 a 19.30 horas, o bien enviar un mensaje al whatsapp 3794504395<\/p>\r\n<p>Para m\u00e1s informaci\u00f3n, pueden llamar al (0379) 4437620 o comunicarse a trav\u00e9s de las redes sociales en Facebook e Instagram: @cruzroja.corrientes.<\/p>\r\n<p>Durante todo el a\u00f1o, el Centro de Capacitaci\u00f3n de Cruz Roja Argentina Filial Corrientes ofrece diversos cursos dirigidos a la comunidad, con certificaci\u00f3n avalada por Cruz Roja Argentina. Este a\u00f1o ya se han dictado capacitaciones en primeros auxilios y lengua de se\u00f1as para adultos.<\/p>\r\n","protected":false},"excerpt":{"rendered":"<p>Se realizar\u00e1 los d\u00edas s\u00e1bados por la ma\u00f1ana y est\u00e1 dirigido a ni\u00f1os de 5 a 14 a\u00f1os. Las inscripciones son en Bol\u00edvar 1219 y los cupos son limitados.<\/p>\n","protected":false},"author":2,"featured_media":3594,"comment_status":"open","ping_status":"open","sticky":false,"template":"","format":"standard","meta":[],"categories":[1],"tags":[],"acf":[],"yoast_head":"<!-- This site is optimized with the Yoast SEO plugin v19.2 - https:\/\/yoast.com\/wordpress\/plugins\/seo\/ -->\n<title>Cruz Roja dictar\u00e1 curso de Lengua de Se\u00f1as para ni\u00f1os - Cruz Roja Argentina Filial Corrientes<\/title>\n<meta name=\"robots\" content=\"index, follow, max-snippet:-1, max-image-preview:large, max-video-preview:-1\" \/>\n<link rel=\"canonical\" href=\"https:\/\/www.cruzroja.org.ar\/corrientes\/cruz-roja-dictara-curso-de-lengua-de-senas-para-ninos-2\/\" \/>\n<meta property=\"og:locale\" content=\"es_ES\" \/>\n<meta property=\"og:type\" content=\"article\" \/>\n<meta property=\"og:title\" content=\"Cruz Roja dictar\u00e1 curso de Lengua de Se\u00f1as para ni\u00f1os - Cruz Roja Argentina Filial Corrientes\" \/>\n<meta property=\"og:description\" content=\"Se realizar\u00e1 los d\u00edas s\u00e1bados por la ma\u00f1ana y est\u00e1 dirigido a ni\u00f1os de 5 a 14 a\u00f1os. Las inscripciones son en Bol\u00edvar 1219 y los cupos son limitados.\" \/>\n<meta property=\"og:url\" content=\"https:\/\/www.cruzroja.org.ar\/corrientes\/cruz-roja-dictara-curso-de-lengua-de-senas-para-ninos-2\/\" \/>\n<meta property=\"og:site_name\" content=\"Cruz Roja Argentina Filial Corrientes\" \/>\n<meta property=\"article:published_time\" content=\"2025-10-06T14:59:11+00:00\" \/>\n<meta property=\"og:image\" content=\"https:\/\/www.cruzroja.org.ar\/corrientes\/wp-content\/uploads\/2024\/06\/lengua-de-senas.jpeg\" \/>\n\t<meta property=\"og:image:width\" content=\"1280\" \/>\n\t<meta property=\"og:image:height\" content=\"853\" \/>\n\t<meta property=\"og:image:type\" content=\"image\/jpeg\" \/>\n<meta name=\"author\" content=\"maxi\" \/>\n<meta name=\"twitter:card\" content=\"summary\" \/>\n<meta name=\"twitter:label1\" content=\"Escrito por\" \/>\n\t<meta name=\"twitter:data1\" content=\"maxi\" \/>\n\t<meta name=\"twitter:label2\" content=\"Tiempo de lectura\" \/>\n\t<meta name=\"twitter:data2\" content=\"1 minuto\" \/>\n<script type=\"application\/ld+json\" class=\"yoast-schema-graph\">{\"@context\":\"https:\/\/schema.org\",\"@graph\":[{\"@type\":\"WebSite\",\"@id\":\"https:\/\/www.cruzroja.org.ar\/corrientes\/#website\",\"url\":\"https:\/\/www.cruzroja.org.ar\/corrientes\/\",\"name\":\"Cruz Roja Argentina Filial Corrientes\",\"description\":\"Cruz Roja Argentina Filial Corrientes\",\"potentialAction\":[{\"@type\":\"SearchAction\",\"target\":{\"@type\":\"EntryPoint\",\"urlTemplate\":\"https:\/\/www.cruzroja.org.ar\/corrientes\/?s={search_term_string}\"},\"query-input\":\"required name=search_term_string\"}],\"inLanguage\":\"es\"},{\"@type\":\"ImageObject\",\"inLanguage\":\"es\",\"@id\":\"https:\/\/www.cruzroja.org.ar\/corrientes\/cruz-roja-dictara-curso-de-lengua-de-senas-para-ninos-2\/#primaryimage\",\"url\":\"https:\/\/www.cruzroja.org.ar\/corrientes\/wp-content\/uploads\/2024\/06\/lengua-de-senas.jpeg\",\"contentUrl\":\"https:\/\/www.cruzroja.org.ar\/corrientes\/wp-content\/uploads\/2024\/06\/lengua-de-senas.jpeg\",\"width\":1280,\"height\":853},{\"@type\":\"WebPage\",\"@id\":\"https:\/\/www.cruzroja.org.ar\/corrientes\/cruz-roja-dictara-curso-de-lengua-de-senas-para-ninos-2\/#webpage\",\"url\":\"https:\/\/www.cruzroja.org.ar\/corrientes\/cruz-roja-dictara-curso-de-lengua-de-senas-para-ninos-2\/\",\"name\":\"Cruz Roja dictar\u00e1 curso de Lengua de Se\u00f1as para ni\u00f1os - Cruz Roja Argentina Filial Corrientes\",\"isPartOf\":{\"@id\":\"https:\/\/www.cruzroja.org.ar\/corrientes\/#website\"},\"primaryImageOfPage\":{\"@id\":\"https:\/\/www.cruzroja.org.ar\/corrientes\/cruz-roja-dictara-curso-de-lengua-de-senas-para-ninos-2\/#primaryimage\"},\"datePublished\":\"2025-10-06T14:59:11+00:00\",\"dateModified\":\"2025-10-06T14:59:11+00:00\",\"author\":{\"@id\":\"https:\/\/www.cruzroja.org.ar\/corrientes\/#\/schema\/person\/d18c90957aebcfe394f8e20e23fa95c2\"},\"breadcrumb\":{\"@id\":\"https:\/\/www.cruzroja.org.ar\/corrientes\/cruz-roja-dictara-curso-de-lengua-de-senas-para-ninos-2\/#breadcrumb\"},\"inLanguage\":\"es\",\"potentialAction\":[{\"@type\":\"ReadAction\",\"target\":[\"https:\/\/www.cruzroja.org.ar\/corrientes\/cruz-roja-dictara-curso-de-lengua-de-senas-para-ninos-2\/\"]}]},{\"@type\":\"BreadcrumbList\",\"@id\":\"https:\/\/www.cruzroja.org.ar\/corrientes\/cruz-roja-dictara-curso-de-lengua-de-senas-para-ninos-2\/#breadcrumb\",\"itemListElement\":[{\"@type\":\"ListItem\",\"position\":1,\"name\":\"Portada\",\"item\":\"https:\/\/www.cruzroja.org.ar\/corrientes\/\"},{\"@type\":\"ListItem\",\"position\":2,\"name\":\"Cruz Roja dictar\u00e1 curso de Lengua de Se\u00f1as para ni\u00f1os\"}]},{\"@type\":\"Person\",\"@id\":\"https:\/\/www.cruzroja.org.ar\/corrientes\/#\/schema\/person\/d18c90957aebcfe394f8e20e23fa95c2\",\"name\":\"maxi\",\"image\":{\"@type\":\"ImageObject\",\"inLanguage\":\"es\",\"@id\":\"https:\/\/www.cruzroja.org.ar\/corrientes\/#\/schema\/person\/image\/\",\"url\":\"https:\/\/secure.gravatar.com\/avatar\/593c15201a4324e157fbe54bfdaf9439?s=96&d=mm&r=g\",\"contentUrl\":\"https:\/\/secure.gravatar.com\/avatar\/593c15201a4324e157fbe54bfdaf9439?s=96&d=mm&r=g\",\"caption\":\"maxi\"},\"url\":\"https:\/\/www.cruzroja.org.ar\/corrientes\/author\/maxi\/\"}]}<\/script>\n<!-- \/ Yoast SEO plugin. -->","yoast_head_json":{"title":"Cruz Roja dictar\u00e1 curso de Lengua de Se\u00f1as para ni\u00f1os - Cruz Roja Argentina Filial Corrientes","robots":{"index":"index","follow":"follow","max-snippet":"max-snippet:-1","max-image-preview":"max-image-preview:large","max-video-preview":"max-video-preview:-1"},"canonical":"https:\/\/www.cruzroja.org.ar\/corrientes\/cruz-roja-dictara-curso-de-lengua-de-senas-para-ninos-2\/","og_locale":"es_ES","og_type":"article","og_title":"Cruz Roja dictar\u00e1 curso de Lengua de Se\u00f1as para ni\u00f1os - Cruz Roja Argentina Filial Corrientes","og_description":"Se realizar\u00e1 los d\u00edas s\u00e1bados por la ma\u00f1ana y est\u00e1 dirigido a ni\u00f1os de 5 a 14 a\u00f1os. Las inscripciones son en Bol\u00edvar 1219 y los cupos son limitados.","og_url":"https:\/\/www.cruzroja.org.ar\/corrientes\/cruz-roja-dictara-curso-de-lengua-de-senas-para-ninos-2\/","og_site_name":"Cruz Roja Argentina Filial Corrientes","article_published_time":"2025-10-06T14:59:11+00:00","og_image":[{"width":1280,"height":853,"url":"https:\/\/www.cruzroja.org.ar\/corrientes\/wp-content\/uploads\/2024\/06\/lengua-de-senas.jpeg","type":"image\/jpeg"}],"author":"maxi","twitter_card":"summary","twitter_misc":{"Escrito por":"maxi","Tiempo de lectura":"1 minuto"},"schema":{"@context":"https:\/\/schema.org","@graph":[{"@type":"WebSite","@id":"https:\/\/www.cruzroja.org.ar\/corrientes\/#website","url":"https:\/\/www.cruzroja.org.ar\/corrientes\/","name":"Cruz Roja Argentina Filial Corrientes","description":"Cruz Roja Argentina Filial Corrientes","potentialAction":[{"@type":"SearchAction","target":{"@type":"EntryPoint","urlTemplate":"https:\/\/www.cruzroja.org.ar\/corrientes\/?s={search_term_string}"},"query-input":"required name=search_term_string"}],"inLanguage":"es"},{"@type":"ImageObject","inLanguage":"es","@id":"https:\/\/www.cruzroja.org.ar\/corrientes\/cruz-roja-dictara-curso-de-lengua-de-senas-para-ninos-2\/#primaryimage","url":"https:\/\/www.cruzroja.org.ar\/corrientes\/wp-content\/uploads\/2024\/06\/lengua-de-senas.jpeg","contentUrl":"https:\/\/www.cruzroja.org.ar\/corrientes\/wp-content\/uploads\/2024\/06\/lengua-de-senas.jpeg","width":1280,"height":853},{"@type":"WebPage","@id":"https:\/\/www.cruzroja.org.ar\/corrientes\/cruz-roja-dictara-curso-de-lengua-de-senas-para-ninos-2\/#webpage","url":"https:\/\/www.cruzroja.org.ar\/corrientes\/cruz-roja-dictara-curso-de-lengua-de-senas-para-ninos-2\/","name":"Cruz Roja dictar\u00e1 curso de Lengua de Se\u00f1as para ni\u00f1os - Cruz Roja Argentina Filial Corrientes","isPartOf":{"@id":"https:\/\/www.cruzroja.org.ar\/corrientes\/#website"},"primaryImageOfPage":{"@id":"https:\/\/www.cruzroja.org.ar\/corrientes\/cruz-roja-dictara-curso-de-lengua-de-senas-para-ninos-2\/#primaryimage"},"datePublished":"2025-10-06T14:59:11+00:00","dateModified":"2025-10-06T14:59:11+00:00","author":{"@id":"https:\/\/www.cruzroja.org.ar\/corrientes\/#\/schema\/person\/d18c90957aebcfe394f8e20e23fa95c2"},"breadcrumb":{"@id":"https:\/\/www.cruzroja.org.ar\/corrientes\/cruz-roja-dictara-curso-de-lengua-de-senas-para-ninos-2\/#breadcrumb"},"inLanguage":"es","potentialAction":[{"@type":"ReadAction","target":["https:\/\/www.cruzroja.org.ar\/corrientes\/cruz-roja-dictara-curso-de-lengua-de-senas-para-ninos-2\/"]}]},{"@type":"BreadcrumbList","@id":"https:\/\/www.cruzroja.org.ar\/corrientes\/cruz-roja-dictara-curso-de-lengua-de-senas-para-ninos-2\/#breadcrumb","itemListElement":[{"@type":"ListItem","position":1,"name":"Portada","item":"https:\/\/www.cruzroja.org.ar\/corrientes\/"},{"@type":"ListItem","position":2,"name":"Cruz Roja dictar\u00e1 curso de Lengua de Se\u00f1as para ni\u00f1os"}]},{"@type":"Person","@id":"https:\/\/www.cruzroja.org.ar\/corrientes\/#\/schema\/person\/d18c90957aebcfe394f8e20e23fa95c2","name":"maxi","image":{"@type":"ImageObject","inLanguage":"es","@id":"https:\/\/www.cruzroja.org.ar\/corrientes\/#\/schema\/person\/image\/","url":"https:\/\/secure.gravatar.com\/avatar\/593c15201a4324e157fbe54bfdaf9439?s=96&d=mm&r=g","contentUrl":"https:\/\/secure.gravatar.com\/avatar\/593c15201a4324e157fbe54bfdaf9439?s=96&d=mm&r=g","caption":"maxi"},"url":"https:\/\/www.cruzroja.org.ar\/corrientes\/author\/maxi\/"}]}},"_links":{"self":[{"href":"https:\/\/www.cruzroja.org.ar\/corrientes\/wp-json\/wp\/v2\/posts\/4149"}],"collection":[{"href":"https:\/\/www.cruzroja.org.ar\/corrientes\/wp-json\/wp\/v2\/posts"}],"about":[{"href":"https:\/\/www.cruzroja.org.ar\/corrientes\/wp-json\/wp\/v2\/types\/post"}],"author":[{"embeddable":true,"href":"https:\/\/www.cruzroja.org.ar\/corrientes\/wp-json\/wp\/v2\/users\/2"}],"replies":[{"embeddable":true,"href":"https:\/\/www.cruzroja.org.ar\/corrientes\/wp-json\/wp\/v2\/comments?post=4149"}],"version-history":[{"count":2,"href":"https:\/\/www.cruzroja.org.ar\/corrientes\/wp-json\/wp\/v2\/posts\/4149\/revisions"}],"predecessor-version":[{"id":4151,"href":"https:\/\/www.cruzroja.org.ar\/corrientes\/wp-json\/wp\/v2\/posts\/4149\/revisions\/4151"}],"wp:featuredmedia":[{"embeddable":true,"href":"https:\/\/www.cruzroja.org.ar\/corrientes\/wp-json\/wp\/v2\/media\/3594"}],"wp:attachment":[{"href":"https:\/\/www.cruzroja.org.ar\/corrientes\/wp-json\/wp\/v2\/media?parent=4149"}],"wp:term":[{"taxonomy":"category","embeddable":true,"href":"https:\/\/www.cruzroja.org.ar\/corrientes\/wp-json\/wp\/v2\/categories?post=4149"},{"taxonomy":"post_tag","embeddable":true,"href":"https:\/\/www.cruzroja.org.ar\/corrientes\/wp-json\/wp\/v2\/tags?post=4149"}],"curies":[{"name":"wp","href":"https:\/\/api.w.org\/{rel}","templated":true}]}}