{"id":4160,"date":"2025-10-14T17:21:01","date_gmt":"2025-10-14T17:21:01","guid":{"rendered":"https:\/\/www.cruzroja.org.ar\/corrientes\/?p=4160"},"modified":"2025-10-14T17:21:01","modified_gmt":"2025-10-14T17:21:01","slug":"estudiantes-de-la-cruz-roja-llevaran-la-salud-a-la-peatonal-junin-con-una-expo-interactiva","status":"publish","type":"post","link":"https:\/\/www.cruzroja.org.ar\/corrientes\/estudiantes-de-la-cruz-roja-llevaran-la-salud-a-la-peatonal-junin-con-una-expo-interactiva\/","title":{"rendered":"Estudiantes de la Cruz Roja llevar\u00e1n la salud a la peatonal Jun\u00edn con una expo interactiva"},"content":{"rendered":"<p>Durante ambas jornadas, la comunidad podr\u00e1 conocer de cerca el trabajo formativo que realizan los estudiantes de las carreras de Enfermer\u00eda, Laboratorio de An\u00e1lisis Cl\u00ednicos, Instrumentaci\u00f3n Quir\u00fargica y Radiolog\u00eda. Adem\u00e1s, se brindar\u00e1n demostraciones de RCP (Reanimaci\u00f3n Cardiopulmonar), actividades de concientizaci\u00f3n sobre el c\u00e1ncer de mama y otras tem\u00e1ticas vinculadas al cuidado de la salud.<\/p>\r\n\r\n<p>La muestra no solo busca visibilizar los proyectos y conocimientos adquiridos por los futuros profesionales, sino tambi\u00e9n compartir con la comunidad el compromiso social y los valores humanitarios que caracterizan a la instituci\u00f3n. Con m\u00e1s de 100 a\u00f1os de trayectoria, la Cruz Roja Filial Corrientes contin\u00faa formando t\u00e9cnicos con s\u00f3lida vocaci\u00f3n de servicio.<\/p>\r\n\r\n<p>Las actividades se desarrollar\u00e1n el mi\u00e9rcoles 15 de octubre de 8.30 a 12.30, y el viernes 17 de octubre de 17 a 21, en la peatonal Jun\u00edn entre San Juan y La Rioja. La participaci\u00f3n es libre y gratuita.<\/p>\r\n\r\n<p>La Presidente de Cruz Roja Argentina Filial Corrientes, Mariela Contreras, destac\u00f3 que \u201ces muy importante este tipo de eventos porque sirven para mostrar a la comunidad la calidad educativa en la formaci\u00f3n de nuestros estudiantes\u201d. <p>Adem\u00e1s, agreg\u00f3: \u201cVer a nuestros alumnos compartiendo lo que aprenden nos llena de orgullo. Detr\u00e1s de cada trabajo hay mucho esfuerzo y dedicaci\u00f3n\u201d.<\/p>\r\n\r\n<p>Desde hace 104 a\u00f1os, Cruz Roja Argentina Filial Corrientes, a trav\u00e9s de su Instituto, forma profesionales en el \u00e1rea de la salud. Actualmente integra la red de 35 institutos de nivel superior que Cruz Roja Argentina posee en todo el pa\u00eds. Su oferta educativa incluye cuatro carreras de nivel superior de tres a\u00f1os de duraci\u00f3n y t\u00edtulo de validez nacional: Enfermer\u00eda, Laboratorio de An\u00e1lisis Cl\u00ednicos, Radiolog\u00eda e Instrumentaci\u00f3n Quir\u00fargica.<\/p>\r\n\r\n","protected":false},"excerpt":{"rendered":"<p>En el marco de la \u201cSemana del Estudiante de Cruz Roja\u201d, alumnos y docentes del Instituto de Formaci\u00f3n y Capacitaci\u00f3n Cruz Roja Argentina Filial Corrientes realizar\u00e1n una exposici\u00f3n abierta sobre salud en la peatonal Jun\u00edn. La actividad se desarrollar\u00e1 este mi\u00e9rcoles 15 de octubre por la ma\u00f1ana, y el viernes 17 por la tarde.<\/p>\n","protected":false},"author":2,"featured_media":3310,"comment_status":"open","ping_status":"open","sticky":false,"template":"","format":"standard","meta":[],"categories":[1],"tags":[],"acf":[],"yoast_head":"<!-- This site is optimized with the Yoast SEO plugin v19.2 - https:\/\/yoast.com\/wordpress\/plugins\/seo\/ -->\n<title>Estudiantes de la Cruz Roja llevar\u00e1n la salud a la peatonal Jun\u00edn con una expo interactiva - Cruz Roja Argentina Filial Corrientes<\/title>\n<meta name=\"robots\" content=\"index, follow, max-snippet:-1, max-image-preview:large, max-video-preview:-1\" \/>\n<link rel=\"canonical\" href=\"https:\/\/www.cruzroja.org.ar\/corrientes\/estudiantes-de-la-cruz-roja-llevaran-la-salud-a-la-peatonal-junin-con-una-expo-interactiva\/\" \/>\n<meta property=\"og:locale\" content=\"es_ES\" \/>\n<meta property=\"og:type\" content=\"article\" \/>\n<meta property=\"og:title\" content=\"Estudiantes de la Cruz Roja llevar\u00e1n la salud a la peatonal Jun\u00edn con una expo interactiva - Cruz Roja Argentina Filial Corrientes\" \/>\n<meta property=\"og:description\" content=\"En el marco de la \u201cSemana del Estudiante de Cruz Roja\u201d, alumnos y docentes del Instituto de Formaci\u00f3n y Capacitaci\u00f3n Cruz Roja Argentina Filial Corrientes realizar\u00e1n una exposici\u00f3n abierta sobre salud en la peatonal Jun\u00edn. La actividad se desarrollar\u00e1 este mi\u00e9rcoles 15 de octubre por la ma\u00f1ana, y el viernes 17 por la tarde.\" \/>\n<meta property=\"og:url\" content=\"https:\/\/www.cruzroja.org.ar\/corrientes\/estudiantes-de-la-cruz-roja-llevaran-la-salud-a-la-peatonal-junin-con-una-expo-interactiva\/\" \/>\n<meta property=\"og:site_name\" content=\"Cruz Roja Argentina Filial Corrientes\" \/>\n<meta property=\"article:published_time\" content=\"2025-10-14T17:21:01+00:00\" \/>\n<meta property=\"og:image\" content=\"https:\/\/www.cruzroja.org.ar\/corrientes\/wp-content\/uploads\/2023\/09\/IQ.jpg\" \/>\n\t<meta property=\"og:image:width\" content=\"1024\" \/>\n\t<meta property=\"og:image:height\" content=\"683\" \/>\n\t<meta property=\"og:image:type\" content=\"image\/jpeg\" \/>\n<meta name=\"author\" content=\"maxi\" \/>\n<meta name=\"twitter:card\" content=\"summary\" \/>\n<meta name=\"twitter:label1\" content=\"Escrito por\" \/>\n\t<meta name=\"twitter:data1\" content=\"maxi\" \/>\n\t<meta name=\"twitter:label2\" content=\"Tiempo de lectura\" \/>\n\t<meta name=\"twitter:data2\" content=\"2 minutos\" \/>\n<script type=\"application\/ld+json\" class=\"yoast-schema-graph\">{\"@context\":\"https:\/\/schema.org\",\"@graph\":[{\"@type\":\"WebSite\",\"@id\":\"https:\/\/www.cruzroja.org.ar\/corrientes\/#website\",\"url\":\"https:\/\/www.cruzroja.org.ar\/corrientes\/\",\"name\":\"Cruz Roja Argentina Filial Corrientes\",\"description\":\"Cruz Roja Argentina Filial Corrientes\",\"potentialAction\":[{\"@type\":\"SearchAction\",\"target\":{\"@type\":\"EntryPoint\",\"urlTemplate\":\"https:\/\/www.cruzroja.org.ar\/corrientes\/?s={search_term_string}\"},\"query-input\":\"required name=search_term_string\"}],\"inLanguage\":\"es\"},{\"@type\":\"ImageObject\",\"inLanguage\":\"es\",\"@id\":\"https:\/\/www.cruzroja.org.ar\/corrientes\/estudiantes-de-la-cruz-roja-llevaran-la-salud-a-la-peatonal-junin-con-una-expo-interactiva\/#primaryimage\",\"url\":\"https:\/\/www.cruzroja.org.ar\/corrientes\/wp-content\/uploads\/2023\/09\/IQ.jpg\",\"contentUrl\":\"https:\/\/www.cruzroja.org.ar\/corrientes\/wp-content\/uploads\/2023\/09\/IQ.jpg\",\"width\":1024,\"height\":683},{\"@type\":\"WebPage\",\"@id\":\"https:\/\/www.cruzroja.org.ar\/corrientes\/estudiantes-de-la-cruz-roja-llevaran-la-salud-a-la-peatonal-junin-con-una-expo-interactiva\/#webpage\",\"url\":\"https:\/\/www.cruzroja.org.ar\/corrientes\/estudiantes-de-la-cruz-roja-llevaran-la-salud-a-la-peatonal-junin-con-una-expo-interactiva\/\",\"name\":\"Estudiantes de la Cruz Roja llevar\u00e1n la salud a la peatonal Jun\u00edn con una expo interactiva - Cruz Roja Argentina Filial Corrientes\",\"isPartOf\":{\"@id\":\"https:\/\/www.cruzroja.org.ar\/corrientes\/#website\"},\"primaryImageOfPage\":{\"@id\":\"https:\/\/www.cruzroja.org.ar\/corrientes\/estudiantes-de-la-cruz-roja-llevaran-la-salud-a-la-peatonal-junin-con-una-expo-interactiva\/#primaryimage\"},\"datePublished\":\"2025-10-14T17:21:01+00:00\",\"dateModified\":\"2025-10-14T17:21:01+00:00\",\"author\":{\"@id\":\"https:\/\/www.cruzroja.org.ar\/corrientes\/#\/schema\/person\/d18c90957aebcfe394f8e20e23fa95c2\"},\"breadcrumb\":{\"@id\":\"https:\/\/www.cruzroja.org.ar\/corrientes\/estudiantes-de-la-cruz-roja-llevaran-la-salud-a-la-peatonal-junin-con-una-expo-interactiva\/#breadcrumb\"},\"inLanguage\":\"es\",\"potentialAction\":[{\"@type\":\"ReadAction\",\"target\":[\"https:\/\/www.cruzroja.org.ar\/corrientes\/estudiantes-de-la-cruz-roja-llevaran-la-salud-a-la-peatonal-junin-con-una-expo-interactiva\/\"]}]},{\"@type\":\"BreadcrumbList\",\"@id\":\"https:\/\/www.cruzroja.org.ar\/corrientes\/estudiantes-de-la-cruz-roja-llevaran-la-salud-a-la-peatonal-junin-con-una-expo-interactiva\/#breadcrumb\",\"itemListElement\":[{\"@type\":\"ListItem\",\"position\":1,\"name\":\"Portada\",\"item\":\"https:\/\/www.cruzroja.org.ar\/corrientes\/\"},{\"@type\":\"ListItem\",\"position\":2,\"name\":\"Estudiantes de la Cruz Roja llevar\u00e1n la salud a la peatonal Jun\u00edn con una expo interactiva\"}]},{\"@type\":\"Person\",\"@id\":\"https:\/\/www.cruzroja.org.ar\/corrientes\/#\/schema\/person\/d18c90957aebcfe394f8e20e23fa95c2\",\"name\":\"maxi\",\"image\":{\"@type\":\"ImageObject\",\"inLanguage\":\"es\",\"@id\":\"https:\/\/www.cruzroja.org.ar\/corrientes\/#\/schema\/person\/image\/\",\"url\":\"https:\/\/secure.gravatar.com\/avatar\/593c15201a4324e157fbe54bfdaf9439?s=96&d=mm&r=g\",\"contentUrl\":\"https:\/\/secure.gravatar.com\/avatar\/593c15201a4324e157fbe54bfdaf9439?s=96&d=mm&r=g\",\"caption\":\"maxi\"},\"url\":\"https:\/\/www.cruzroja.org.ar\/corrientes\/author\/maxi\/\"}]}<\/script>\n<!-- \/ Yoast SEO plugin. -->","yoast_head_json":{"title":"Estudiantes de la Cruz Roja llevar\u00e1n la salud a la peatonal Jun\u00edn con una expo interactiva - Cruz Roja Argentina Filial Corrientes","robots":{"index":"index","follow":"follow","max-snippet":"max-snippet:-1","max-image-preview":"max-image-preview:large","max-video-preview":"max-video-preview:-1"},"canonical":"https:\/\/www.cruzroja.org.ar\/corrientes\/estudiantes-de-la-cruz-roja-llevaran-la-salud-a-la-peatonal-junin-con-una-expo-interactiva\/","og_locale":"es_ES","og_type":"article","og_title":"Estudiantes de la Cruz Roja llevar\u00e1n la salud a la peatonal Jun\u00edn con una expo interactiva - Cruz Roja Argentina Filial Corrientes","og_description":"En el marco de la \u201cSemana del Estudiante de Cruz Roja\u201d, alumnos y docentes del Instituto de Formaci\u00f3n y Capacitaci\u00f3n Cruz Roja Argentina Filial Corrientes realizar\u00e1n una exposici\u00f3n abierta sobre salud en la peatonal Jun\u00edn. La actividad se desarrollar\u00e1 este mi\u00e9rcoles 15 de octubre por la ma\u00f1ana, y el viernes 17 por la tarde.","og_url":"https:\/\/www.cruzroja.org.ar\/corrientes\/estudiantes-de-la-cruz-roja-llevaran-la-salud-a-la-peatonal-junin-con-una-expo-interactiva\/","og_site_name":"Cruz Roja Argentina Filial Corrientes","article_published_time":"2025-10-14T17:21:01+00:00","og_image":[{"width":1024,"height":683,"url":"https:\/\/www.cruzroja.org.ar\/corrientes\/wp-content\/uploads\/2023\/09\/IQ.jpg","type":"image\/jpeg"}],"author":"maxi","twitter_card":"summary","twitter_misc":{"Escrito por":"maxi","Tiempo de lectura":"2 minutos"},"schema":{"@context":"https:\/\/schema.org","@graph":[{"@type":"WebSite","@id":"https:\/\/www.cruzroja.org.ar\/corrientes\/#website","url":"https:\/\/www.cruzroja.org.ar\/corrientes\/","name":"Cruz Roja Argentina Filial Corrientes","description":"Cruz Roja Argentina Filial Corrientes","potentialAction":[{"@type":"SearchAction","target":{"@type":"EntryPoint","urlTemplate":"https:\/\/www.cruzroja.org.ar\/corrientes\/?s={search_term_string}"},"query-input":"required name=search_term_string"}],"inLanguage":"es"},{"@type":"ImageObject","inLanguage":"es","@id":"https:\/\/www.cruzroja.org.ar\/corrientes\/estudiantes-de-la-cruz-roja-llevaran-la-salud-a-la-peatonal-junin-con-una-expo-interactiva\/#primaryimage","url":"https:\/\/www.cruzroja.org.ar\/corrientes\/wp-content\/uploads\/2023\/09\/IQ.jpg","contentUrl":"https:\/\/www.cruzroja.org.ar\/corrientes\/wp-content\/uploads\/2023\/09\/IQ.jpg","width":1024,"height":683},{"@type":"WebPage","@id":"https:\/\/www.cruzroja.org.ar\/corrientes\/estudiantes-de-la-cruz-roja-llevaran-la-salud-a-la-peatonal-junin-con-una-expo-interactiva\/#webpage","url":"https:\/\/www.cruzroja.org.ar\/corrientes\/estudiantes-de-la-cruz-roja-llevaran-la-salud-a-la-peatonal-junin-con-una-expo-interactiva\/","name":"Estudiantes de la Cruz Roja llevar\u00e1n la salud a la peatonal Jun\u00edn con una expo interactiva - Cruz Roja Argentina Filial Corrientes","isPartOf":{"@id":"https:\/\/www.cruzroja.org.ar\/corrientes\/#website"},"primaryImageOfPage":{"@id":"https:\/\/www.cruzroja.org.ar\/corrientes\/estudiantes-de-la-cruz-roja-llevaran-la-salud-a-la-peatonal-junin-con-una-expo-interactiva\/#primaryimage"},"datePublished":"2025-10-14T17:21:01+00:00","dateModified":"2025-10-14T17:21:01+00:00","author":{"@id":"https:\/\/www.cruzroja.org.ar\/corrientes\/#\/schema\/person\/d18c90957aebcfe394f8e20e23fa95c2"},"breadcrumb":{"@id":"https:\/\/www.cruzroja.org.ar\/corrientes\/estudiantes-de-la-cruz-roja-llevaran-la-salud-a-la-peatonal-junin-con-una-expo-interactiva\/#breadcrumb"},"inLanguage":"es","potentialAction":[{"@type":"ReadAction","target":["https:\/\/www.cruzroja.org.ar\/corrientes\/estudiantes-de-la-cruz-roja-llevaran-la-salud-a-la-peatonal-junin-con-una-expo-interactiva\/"]}]},{"@type":"BreadcrumbList","@id":"https:\/\/www.cruzroja.org.ar\/corrientes\/estudiantes-de-la-cruz-roja-llevaran-la-salud-a-la-peatonal-junin-con-una-expo-interactiva\/#breadcrumb","itemListElement":[{"@type":"ListItem","position":1,"name":"Portada","item":"https:\/\/www.cruzroja.org.ar\/corrientes\/"},{"@type":"ListItem","position":2,"name":"Estudiantes de la Cruz Roja llevar\u00e1n la salud a la peatonal Jun\u00edn con una expo interactiva"}]},{"@type":"Person","@id":"https:\/\/www.cruzroja.org.ar\/corrientes\/#\/schema\/person\/d18c90957aebcfe394f8e20e23fa95c2","name":"maxi","image":{"@type":"ImageObject","inLanguage":"es","@id":"https:\/\/www.cruzroja.org.ar\/corrientes\/#\/schema\/person\/image\/","url":"https:\/\/secure.gravatar.com\/avatar\/593c15201a4324e157fbe54bfdaf9439?s=96&d=mm&r=g","contentUrl":"https:\/\/secure.gravatar.com\/avatar\/593c15201a4324e157fbe54bfdaf9439?s=96&d=mm&r=g","caption":"maxi"},"url":"https:\/\/www.cruzroja.org.ar\/corrientes\/author\/maxi\/"}]}},"_links":{"self":[{"href":"https:\/\/www.cruzroja.org.ar\/corrientes\/wp-json\/wp\/v2\/posts\/4160"}],"collection":[{"href":"https:\/\/www.cruzroja.org.ar\/corrientes\/wp-json\/wp\/v2\/posts"}],"about":[{"href":"https:\/\/www.cruzroja.org.ar\/corrientes\/wp-json\/wp\/v2\/types\/post"}],"author":[{"embeddable":true,"href":"https:\/\/www.cruzroja.org.ar\/corrientes\/wp-json\/wp\/v2\/users\/2"}],"replies":[{"embeddable":true,"href":"https:\/\/www.cruzroja.org.ar\/corrientes\/wp-json\/wp\/v2\/comments?post=4160"}],"version-history":[{"count":1,"href":"https:\/\/www.cruzroja.org.ar\/corrientes\/wp-json\/wp\/v2\/posts\/4160\/revisions"}],"predecessor-version":[{"id":4161,"href":"https:\/\/www.cruzroja.org.ar\/corrientes\/wp-json\/wp\/v2\/posts\/4160\/revisions\/4161"}],"wp:featuredmedia":[{"embeddable":true,"href":"https:\/\/www.cruzroja.org.ar\/corrientes\/wp-json\/wp\/v2\/media\/3310"}],"wp:attachment":[{"href":"https:\/\/www.cruzroja.org.ar\/corrientes\/wp-json\/wp\/v2\/media?parent=4160"}],"wp:term":[{"taxonomy":"category","embeddable":true,"href":"https:\/\/www.cruzroja.org.ar\/corrientes\/wp-json\/wp\/v2\/categories?post=4160"},{"taxonomy":"post_tag","embeddable":true,"href":"https:\/\/www.cruzroja.org.ar\/corrientes\/wp-json\/wp\/v2\/tags?post=4160"}],"curies":[{"name":"wp","href":"https:\/\/api.w.org\/{rel}","templated":true}]}}