{"id":4223,"date":"2025-11-17T13:08:36","date_gmt":"2025-11-17T13:08:36","guid":{"rendered":"https:\/\/www.cruzroja.org.ar\/corrientes\/?p=4223"},"modified":"2025-11-17T13:08:36","modified_gmt":"2025-11-17T13:08:36","slug":"instituto-de-cruz-roja-inicio-inscripciones-para-el-ciclo-lectivo-2026","status":"publish","type":"post","link":"https:\/\/www.cruzroja.org.ar\/corrientes\/instituto-de-cruz-roja-inicio-inscripciones-para-el-ciclo-lectivo-2026\/","title":{"rendered":"Instituto de Cruz Roja inici\u00f3 inscripciones para el ciclo lectivo 2026"},"content":{"rendered":"<p>El Instituto de Formaci\u00f3n y Capacitaci\u00f3n Cruz Roja Argentina Filial Corrientes inici\u00f3 el per\u00edodo de inscripciones para el ciclo lectivo 2026. Este proceso comenz\u00f3 hoy lunes 17 de noviembre y se extender\u00e1 hasta fines de diciembre.<\/p>\r\n\r\n<p>Al igual que en a\u00f1os anteriores, las inscripciones pueden realizarse de manera online a trav\u00e9s del sitio web www.cruzroja.org.ar\/corrientes. Asimismo, tambi\u00e9n disponen de la opci\u00f3n de inscripci\u00f3n presencial en el Instituto ubicado en Bol\u00edvar 1219, especialmente para aquellas personas que no cuentan con acceso a herramientas tecnol\u00f3gicas.\r\n\r\n<p>La Presidente de Cruz Roja Argentina Filial Corrientes, Mariela Contreras, dijo \u201cDesde hace m\u00e1s de cien a\u00f1os, Cruz Roja acompa\u00f1a la formaci\u00f3n de profesionales comprometidos con la salud y el bienestar de la comunidad. Son estudiantes que se preparan en Corrientes y que luego llevan su vocaci\u00f3n a distintos puntos del pa\u00eds y del mundo.\u201d Adem\u00e1s agreg\u00f3, \u201cCada egresado adquiere no solo conocimientos t\u00e9cnicos, sino tambi\u00e9n el esp\u00edritu humanitario que caracteriza a Cruz Roja, estar presentes para quienes m\u00e1s nos necesitan.\u201d<\/p>\r\n\r\n<p>Para aquellos interesados en inscribirse, deben ingresar a la p\u00e1gina web de la Filial Corrientes www.cruzroja.org.ar\/corrientes, acceder a la pesta\u00f1a de Instituto, elegir inscripciones ciclo lectivo 2026 y seguir los pasos correspondientes. Tambi\u00e9n est\u00e1 disponible la opci\u00f3n de realizar la inscripci\u00f3n de manera presencial en Bol\u00edvar 1219, de lunes a viernes, en horario de 8 a 12 y de 16.30 a  19.30 horas.<\/p>\r\n\r\n<p>La oferta acad\u00e9mica actual de la instituci\u00f3n comprende cuatro carreras de tres a\u00f1os de duraci\u00f3n, todas con t\u00edtulos de validez nacional: Tecnicatura Superior en Enfermer\u00eda, Tecnicatura Superior en Laboratorio de An\u00e1lisis Cl\u00ednicos, Tecnicatura Superior en Instrumentaci\u00f3n Quir\u00fargica y Tecnicatura Superior en Radiolog\u00eda, todas con cupos limitados y sin examen de ingreso.<\/p>\r\n\r\n<p>A trav\u00e9s de convenios establecidos con el Ministerio de Salud de la Provincia de Corrientes, los estudiantes realizan pr\u00e1cticas profesionales desde el primer a\u00f1o en diversos centros de salud y hospitales. Adem\u00e1s, el instituto otorga diversas becas de estudios a lo largo del a\u00f1o.<\/p>\r\n\r\n<p>Para m\u00e1s informaci\u00f3n, pueden comunicarse al tel\u00e9fono (0379) 4437620, whatsapp al n\u00famero 3794504395, o a trav\u00e9s de las redes sociales en fanpage e Instagram: @cruzroja.corrientes.<\/p>\r\n\r\n<p>El Instituto de Cruz Roja Argentina en Corrientes cuenta con una trayectoria de m\u00e1s de 100 a\u00f1os formando profesionales en el \u00e1mbito de la salud. Su prestigio y calidad educativa les han permitido participar activamente en cert\u00e1menes nacionales de enfermer\u00eda, radiolog\u00eda e instrumentaci\u00f3n quir\u00fargica, donde han obtenido destacadas menciones con los trabajos presentados en los \u00faltimos a\u00f1os.<\/p>","protected":false},"excerpt":{"rendered":"<p>La oferta educativa se divide en Enfermer\u00eda, Radiolog\u00eda, Instrumentaci\u00f3n Quir\u00fargica y Laboratorio de An\u00e1lisis Cl\u00ednicos. Todas tienen tres a\u00f1os de duraci\u00f3n, t\u00edtulo de validez nacional y no tienen examen de ingreso.<\/p>\n","protected":false},"author":2,"featured_media":3464,"comment_status":"open","ping_status":"open","sticky":false,"template":"","format":"standard","meta":[],"categories":[1],"tags":[],"acf":[],"yoast_head":"<!-- This site is optimized with the Yoast SEO plugin v19.2 - https:\/\/yoast.com\/wordpress\/plugins\/seo\/ -->\n<title>Instituto de Cruz Roja inici\u00f3 inscripciones para el ciclo lectivo 2026 - Cruz Roja Argentina Filial Corrientes<\/title>\n<meta name=\"robots\" content=\"index, follow, max-snippet:-1, max-image-preview:large, max-video-preview:-1\" \/>\n<link rel=\"canonical\" href=\"https:\/\/www.cruzroja.org.ar\/corrientes\/instituto-de-cruz-roja-inicio-inscripciones-para-el-ciclo-lectivo-2026\/\" \/>\n<meta property=\"og:locale\" content=\"es_ES\" \/>\n<meta property=\"og:type\" content=\"article\" \/>\n<meta property=\"og:title\" content=\"Instituto de Cruz Roja inici\u00f3 inscripciones para el ciclo lectivo 2026 - Cruz Roja Argentina Filial Corrientes\" \/>\n<meta property=\"og:description\" content=\"La oferta educativa se divide en Enfermer\u00eda, Radiolog\u00eda, Instrumentaci\u00f3n Quir\u00fargica y Laboratorio de An\u00e1lisis Cl\u00ednicos. Todas tienen tres a\u00f1os de duraci\u00f3n, t\u00edtulo de validez nacional y no tienen examen de ingreso.\" \/>\n<meta property=\"og:url\" content=\"https:\/\/www.cruzroja.org.ar\/corrientes\/instituto-de-cruz-roja-inicio-inscripciones-para-el-ciclo-lectivo-2026\/\" \/>\n<meta property=\"og:site_name\" content=\"Cruz Roja Argentina Filial Corrientes\" \/>\n<meta property=\"article:published_time\" content=\"2025-11-17T13:08:36+00:00\" \/>\n<meta property=\"og:image\" content=\"https:\/\/www.cruzroja.org.ar\/corrientes\/wp-content\/uploads\/2024\/02\/laboratorio-2024.jpeg\" \/>\n\t<meta property=\"og:image:width\" content=\"1600\" \/>\n\t<meta property=\"og:image:height\" content=\"1066\" \/>\n\t<meta property=\"og:image:type\" content=\"image\/jpeg\" \/>\n<meta name=\"author\" content=\"maxi\" \/>\n<meta name=\"twitter:card\" content=\"summary\" \/>\n<meta name=\"twitter:label1\" content=\"Escrito por\" \/>\n\t<meta name=\"twitter:data1\" content=\"maxi\" \/>\n\t<meta name=\"twitter:label2\" content=\"Tiempo de lectura\" \/>\n\t<meta name=\"twitter:data2\" content=\"2 minutos\" \/>\n<script type=\"application\/ld+json\" class=\"yoast-schema-graph\">{\"@context\":\"https:\/\/schema.org\",\"@graph\":[{\"@type\":\"WebSite\",\"@id\":\"https:\/\/www.cruzroja.org.ar\/corrientes\/#website\",\"url\":\"https:\/\/www.cruzroja.org.ar\/corrientes\/\",\"name\":\"Cruz Roja Argentina Filial Corrientes\",\"description\":\"Cruz Roja Argentina Filial Corrientes\",\"potentialAction\":[{\"@type\":\"SearchAction\",\"target\":{\"@type\":\"EntryPoint\",\"urlTemplate\":\"https:\/\/www.cruzroja.org.ar\/corrientes\/?s={search_term_string}\"},\"query-input\":\"required name=search_term_string\"}],\"inLanguage\":\"es\"},{\"@type\":\"ImageObject\",\"inLanguage\":\"es\",\"@id\":\"https:\/\/www.cruzroja.org.ar\/corrientes\/instituto-de-cruz-roja-inicio-inscripciones-para-el-ciclo-lectivo-2026\/#primaryimage\",\"url\":\"https:\/\/www.cruzroja.org.ar\/corrientes\/wp-content\/uploads\/2024\/02\/laboratorio-2024.jpeg\",\"contentUrl\":\"https:\/\/www.cruzroja.org.ar\/corrientes\/wp-content\/uploads\/2024\/02\/laboratorio-2024.jpeg\",\"width\":1600,\"height\":1066},{\"@type\":\"WebPage\",\"@id\":\"https:\/\/www.cruzroja.org.ar\/corrientes\/instituto-de-cruz-roja-inicio-inscripciones-para-el-ciclo-lectivo-2026\/#webpage\",\"url\":\"https:\/\/www.cruzroja.org.ar\/corrientes\/instituto-de-cruz-roja-inicio-inscripciones-para-el-ciclo-lectivo-2026\/\",\"name\":\"Instituto de Cruz Roja inici\u00f3 inscripciones para el ciclo lectivo 2026 - Cruz Roja Argentina Filial Corrientes\",\"isPartOf\":{\"@id\":\"https:\/\/www.cruzroja.org.ar\/corrientes\/#website\"},\"primaryImageOfPage\":{\"@id\":\"https:\/\/www.cruzroja.org.ar\/corrientes\/instituto-de-cruz-roja-inicio-inscripciones-para-el-ciclo-lectivo-2026\/#primaryimage\"},\"datePublished\":\"2025-11-17T13:08:36+00:00\",\"dateModified\":\"2025-11-17T13:08:36+00:00\",\"author\":{\"@id\":\"https:\/\/www.cruzroja.org.ar\/corrientes\/#\/schema\/person\/d18c90957aebcfe394f8e20e23fa95c2\"},\"breadcrumb\":{\"@id\":\"https:\/\/www.cruzroja.org.ar\/corrientes\/instituto-de-cruz-roja-inicio-inscripciones-para-el-ciclo-lectivo-2026\/#breadcrumb\"},\"inLanguage\":\"es\",\"potentialAction\":[{\"@type\":\"ReadAction\",\"target\":[\"https:\/\/www.cruzroja.org.ar\/corrientes\/instituto-de-cruz-roja-inicio-inscripciones-para-el-ciclo-lectivo-2026\/\"]}]},{\"@type\":\"BreadcrumbList\",\"@id\":\"https:\/\/www.cruzroja.org.ar\/corrientes\/instituto-de-cruz-roja-inicio-inscripciones-para-el-ciclo-lectivo-2026\/#breadcrumb\",\"itemListElement\":[{\"@type\":\"ListItem\",\"position\":1,\"name\":\"Portada\",\"item\":\"https:\/\/www.cruzroja.org.ar\/corrientes\/\"},{\"@type\":\"ListItem\",\"position\":2,\"name\":\"Instituto de Cruz Roja inici\u00f3 inscripciones para el ciclo lectivo 2026\"}]},{\"@type\":\"Person\",\"@id\":\"https:\/\/www.cruzroja.org.ar\/corrientes\/#\/schema\/person\/d18c90957aebcfe394f8e20e23fa95c2\",\"name\":\"maxi\",\"image\":{\"@type\":\"ImageObject\",\"inLanguage\":\"es\",\"@id\":\"https:\/\/www.cruzroja.org.ar\/corrientes\/#\/schema\/person\/image\/\",\"url\":\"https:\/\/secure.gravatar.com\/avatar\/593c15201a4324e157fbe54bfdaf9439?s=96&d=mm&r=g\",\"contentUrl\":\"https:\/\/secure.gravatar.com\/avatar\/593c15201a4324e157fbe54bfdaf9439?s=96&d=mm&r=g\",\"caption\":\"maxi\"},\"url\":\"https:\/\/www.cruzroja.org.ar\/corrientes\/author\/maxi\/\"}]}<\/script>\n<!-- \/ Yoast SEO plugin. -->","yoast_head_json":{"title":"Instituto de Cruz Roja inici\u00f3 inscripciones para el ciclo lectivo 2026 - Cruz Roja Argentina Filial Corrientes","robots":{"index":"index","follow":"follow","max-snippet":"max-snippet:-1","max-image-preview":"max-image-preview:large","max-video-preview":"max-video-preview:-1"},"canonical":"https:\/\/www.cruzroja.org.ar\/corrientes\/instituto-de-cruz-roja-inicio-inscripciones-para-el-ciclo-lectivo-2026\/","og_locale":"es_ES","og_type":"article","og_title":"Instituto de Cruz Roja inici\u00f3 inscripciones para el ciclo lectivo 2026 - Cruz Roja Argentina Filial Corrientes","og_description":"La oferta educativa se divide en Enfermer\u00eda, Radiolog\u00eda, Instrumentaci\u00f3n Quir\u00fargica y Laboratorio de An\u00e1lisis Cl\u00ednicos. Todas tienen tres a\u00f1os de duraci\u00f3n, t\u00edtulo de validez nacional y no tienen examen de ingreso.","og_url":"https:\/\/www.cruzroja.org.ar\/corrientes\/instituto-de-cruz-roja-inicio-inscripciones-para-el-ciclo-lectivo-2026\/","og_site_name":"Cruz Roja Argentina Filial Corrientes","article_published_time":"2025-11-17T13:08:36+00:00","og_image":[{"width":1600,"height":1066,"url":"https:\/\/www.cruzroja.org.ar\/corrientes\/wp-content\/uploads\/2024\/02\/laboratorio-2024.jpeg","type":"image\/jpeg"}],"author":"maxi","twitter_card":"summary","twitter_misc":{"Escrito por":"maxi","Tiempo de lectura":"2 minutos"},"schema":{"@context":"https:\/\/schema.org","@graph":[{"@type":"WebSite","@id":"https:\/\/www.cruzroja.org.ar\/corrientes\/#website","url":"https:\/\/www.cruzroja.org.ar\/corrientes\/","name":"Cruz Roja Argentina Filial Corrientes","description":"Cruz Roja Argentina Filial Corrientes","potentialAction":[{"@type":"SearchAction","target":{"@type":"EntryPoint","urlTemplate":"https:\/\/www.cruzroja.org.ar\/corrientes\/?s={search_term_string}"},"query-input":"required name=search_term_string"}],"inLanguage":"es"},{"@type":"ImageObject","inLanguage":"es","@id":"https:\/\/www.cruzroja.org.ar\/corrientes\/instituto-de-cruz-roja-inicio-inscripciones-para-el-ciclo-lectivo-2026\/#primaryimage","url":"https:\/\/www.cruzroja.org.ar\/corrientes\/wp-content\/uploads\/2024\/02\/laboratorio-2024.jpeg","contentUrl":"https:\/\/www.cruzroja.org.ar\/corrientes\/wp-content\/uploads\/2024\/02\/laboratorio-2024.jpeg","width":1600,"height":1066},{"@type":"WebPage","@id":"https:\/\/www.cruzroja.org.ar\/corrientes\/instituto-de-cruz-roja-inicio-inscripciones-para-el-ciclo-lectivo-2026\/#webpage","url":"https:\/\/www.cruzroja.org.ar\/corrientes\/instituto-de-cruz-roja-inicio-inscripciones-para-el-ciclo-lectivo-2026\/","name":"Instituto de Cruz Roja inici\u00f3 inscripciones para el ciclo lectivo 2026 - Cruz Roja Argentina Filial Corrientes","isPartOf":{"@id":"https:\/\/www.cruzroja.org.ar\/corrientes\/#website"},"primaryImageOfPage":{"@id":"https:\/\/www.cruzroja.org.ar\/corrientes\/instituto-de-cruz-roja-inicio-inscripciones-para-el-ciclo-lectivo-2026\/#primaryimage"},"datePublished":"2025-11-17T13:08:36+00:00","dateModified":"2025-11-17T13:08:36+00:00","author":{"@id":"https:\/\/www.cruzroja.org.ar\/corrientes\/#\/schema\/person\/d18c90957aebcfe394f8e20e23fa95c2"},"breadcrumb":{"@id":"https:\/\/www.cruzroja.org.ar\/corrientes\/instituto-de-cruz-roja-inicio-inscripciones-para-el-ciclo-lectivo-2026\/#breadcrumb"},"inLanguage":"es","potentialAction":[{"@type":"ReadAction","target":["https:\/\/www.cruzroja.org.ar\/corrientes\/instituto-de-cruz-roja-inicio-inscripciones-para-el-ciclo-lectivo-2026\/"]}]},{"@type":"BreadcrumbList","@id":"https:\/\/www.cruzroja.org.ar\/corrientes\/instituto-de-cruz-roja-inicio-inscripciones-para-el-ciclo-lectivo-2026\/#breadcrumb","itemListElement":[{"@type":"ListItem","position":1,"name":"Portada","item":"https:\/\/www.cruzroja.org.ar\/corrientes\/"},{"@type":"ListItem","position":2,"name":"Instituto de Cruz Roja inici\u00f3 inscripciones para el ciclo lectivo 2026"}]},{"@type":"Person","@id":"https:\/\/www.cruzroja.org.ar\/corrientes\/#\/schema\/person\/d18c90957aebcfe394f8e20e23fa95c2","name":"maxi","image":{"@type":"ImageObject","inLanguage":"es","@id":"https:\/\/www.cruzroja.org.ar\/corrientes\/#\/schema\/person\/image\/","url":"https:\/\/secure.gravatar.com\/avatar\/593c15201a4324e157fbe54bfdaf9439?s=96&d=mm&r=g","contentUrl":"https:\/\/secure.gravatar.com\/avatar\/593c15201a4324e157fbe54bfdaf9439?s=96&d=mm&r=g","caption":"maxi"},"url":"https:\/\/www.cruzroja.org.ar\/corrientes\/author\/maxi\/"}]}},"_links":{"self":[{"href":"https:\/\/www.cruzroja.org.ar\/corrientes\/wp-json\/wp\/v2\/posts\/4223"}],"collection":[{"href":"https:\/\/www.cruzroja.org.ar\/corrientes\/wp-json\/wp\/v2\/posts"}],"about":[{"href":"https:\/\/www.cruzroja.org.ar\/corrientes\/wp-json\/wp\/v2\/types\/post"}],"author":[{"embeddable":true,"href":"https:\/\/www.cruzroja.org.ar\/corrientes\/wp-json\/wp\/v2\/users\/2"}],"replies":[{"embeddable":true,"href":"https:\/\/www.cruzroja.org.ar\/corrientes\/wp-json\/wp\/v2\/comments?post=4223"}],"version-history":[{"count":1,"href":"https:\/\/www.cruzroja.org.ar\/corrientes\/wp-json\/wp\/v2\/posts\/4223\/revisions"}],"predecessor-version":[{"id":4224,"href":"https:\/\/www.cruzroja.org.ar\/corrientes\/wp-json\/wp\/v2\/posts\/4223\/revisions\/4224"}],"wp:featuredmedia":[{"embeddable":true,"href":"https:\/\/www.cruzroja.org.ar\/corrientes\/wp-json\/wp\/v2\/media\/3464"}],"wp:attachment":[{"href":"https:\/\/www.cruzroja.org.ar\/corrientes\/wp-json\/wp\/v2\/media?parent=4223"}],"wp:term":[{"taxonomy":"category","embeddable":true,"href":"https:\/\/www.cruzroja.org.ar\/corrientes\/wp-json\/wp\/v2\/categories?post=4223"},{"taxonomy":"post_tag","embeddable":true,"href":"https:\/\/www.cruzroja.org.ar\/corrientes\/wp-json\/wp\/v2\/tags?post=4223"}],"curies":[{"name":"wp","href":"https:\/\/api.w.org\/{rel}","templated":true}]}}