{"id":4385,"date":"2026-03-10T16:58:39","date_gmt":"2026-03-10T16:58:39","guid":{"rendered":"https:\/\/www.cruzroja.org.ar\/corrientes\/?p=4385"},"modified":"2026-03-10T16:58:39","modified_gmt":"2026-03-10T16:58:39","slug":"cruz-roja-dictara-un-nuevo-curso-de-cuidador-domiciliario","status":"publish","type":"post","link":"https:\/\/www.cruzroja.org.ar\/corrientes\/cruz-roja-dictara-un-nuevo-curso-de-cuidador-domiciliario\/","title":{"rendered":"Cruz Roja dictar\u00e1 un nuevo curso de \u201cCuidador Domiciliario\u201d"},"content":{"rendered":"<p>A trav\u00e9s de su Centro de Capacitaci\u00f3n, la Filial Corrientes de Cruz Roja Argentina contin\u00faa ofreciendo propuestas de formaci\u00f3n con r\u00e1pida salida laboral, como el curso de \u201cCuidador Domiciliario\u201d.<\/p>\r\n<p>En este sentido, el curso comenzar\u00e1 el s\u00e1bado 28 de marzo, tendr\u00e1 una duraci\u00f3n de seis meses y las clases se dictar\u00e1n los d\u00edas s\u00e1bados por la ma\u00f1ana, de 9 a 11.30 horas. Una vez finalizado y aprobado, cada participante recibir\u00e1 un certificado avalado por Cruz Roja Argentina. Adem\u00e1s, el curso cuenta con el auspicio del Ministerio de Salud P\u00fablica de Corrientes, a trav\u00e9s de la Resoluci\u00f3n N\u00ba 4565.<\/p>\r\n<p>Para inscripciones, las personas interesadas deben dirigirse a la Filial Corrientes de Cruz Roja Argentina, ubicada en calle Bol\u00edvar 1219 (\u00e1rea contable), de lunes a viernes de 8.30 a 12.30 y de 16.30 a 19.30 horas. Tambi\u00e9n pueden realizar consultas de manera virtual a trav\u00e9s de la cuenta de instagram de la organizaci\u00f3n humanitaria: @cruzroja.corrientes.<\/p>\r\n<p>Mariela Contreras, Presidente de Cruz Roja Argentina Filial Corrientes, expres\u00f3: \u201cVolver a ofrecer este curso es una forma de seguir fortaleciendo el compromiso que tenemos con la comunidad. Sabemos que cada persona que se capacita adquiere herramientas valiosas para brindar acompa\u00f1amiento y cuidado en el hogar\u201d. Adem\u00e1s, agreg\u00f3: \u201cEl cuidado es una tarea profundamente humana. Formar cuidadores significa acompa\u00f1ar a las familias y brindar una mejor calidad de vida a quienes necesitan asistencia\u201d.<\/p>\r\n<strong><p>RCP<\/p><\/strong>\r\n<p>Otro de los cursos que se dictar\u00e1 ser\u00e1 el de Reanimaci\u00f3n Cardiopulmonar (RCP). Consistir\u00e1 en una clase \u00fanica que se realizar\u00e1 el s\u00e1bado 14 de marzo, de 8 a 12 horas, en las instalaciones de la Filial Corrientes, ubicada en Bol\u00edvar 1219.<\/p>\r\n<p>Los cupos son limitados y est\u00e1 dirigido a toda la comunidad. Una vez finalizada y aprobada la capacitaci\u00f3n, cada participante recibir\u00e1 un certificado avalado por Cruz Roja Argentina.<\/p>\r\n<p>Para inscripciones, las personas interesadas deben dirigirse a la Filial Corrientes de Cruz Roja Argentina, ubicada en Bol\u00edvar 1219 (\u00e1rea contable), de lunes a viernes de 8.30 a 12.30 y de 16.30 a 19.30 horas, o bien realizar consultas de manera virtual a trav\u00e9s de la cuenta de Instagram @cruzroja.corrientes.<\/p>\r\n<p>Cada a\u00f1o, Cruz Roja Argentina capacita a m\u00e1s de 70.000 personas en todo el pa\u00eds en tem\u00e1ticas que van desde primeros auxilios y reanimaci\u00f3n cardiopulmonar hasta lengua de se\u00f1as para adultos y ni\u00f1os, entre otras propuestas de formaci\u00f3n.<\/p>\r\n","protected":false},"excerpt":{"rendered":"<p>El curso se dictar\u00e1 por segunda vez en la sede de la organizaci\u00f3n humanitaria. Est\u00e1 dirigido a toda la comunidad y las clases se desarrollar\u00e1n los s\u00e1bados por la ma\u00f1ana. Las inscripciones pueden realizarse en Bol\u00edvar 1219 o de manera virtual, y los cupos son limitados.<\/p>\n","protected":false},"author":2,"featured_media":4386,"comment_status":"open","ping_status":"open","sticky":false,"template":"","format":"standard","meta":[],"categories":[1],"tags":[],"acf":[],"yoast_head":"<!-- This site is optimized with the Yoast SEO plugin v19.2 - https:\/\/yoast.com\/wordpress\/plugins\/seo\/ -->\n<title>Cruz Roja dictar\u00e1 un nuevo curso de \u201cCuidador Domiciliario\u201d - Cruz Roja Argentina Filial Corrientes<\/title>\n<meta name=\"robots\" content=\"index, follow, max-snippet:-1, max-image-preview:large, max-video-preview:-1\" \/>\n<link rel=\"canonical\" href=\"https:\/\/www.cruzroja.org.ar\/corrientes\/cruz-roja-dictara-un-nuevo-curso-de-cuidador-domiciliario\/\" \/>\n<meta property=\"og:locale\" content=\"es_ES\" \/>\n<meta property=\"og:type\" content=\"article\" \/>\n<meta property=\"og:title\" content=\"Cruz Roja dictar\u00e1 un nuevo curso de \u201cCuidador Domiciliario\u201d - Cruz Roja Argentina Filial Corrientes\" \/>\n<meta property=\"og:description\" content=\"El curso se dictar\u00e1 por segunda vez en la sede de la organizaci\u00f3n humanitaria. Est\u00e1 dirigido a toda la comunidad y las clases se desarrollar\u00e1n los s\u00e1bados por la ma\u00f1ana. Las inscripciones pueden realizarse en Bol\u00edvar 1219 o de manera virtual, y los cupos son limitados.\" \/>\n<meta property=\"og:url\" content=\"https:\/\/www.cruzroja.org.ar\/corrientes\/cruz-roja-dictara-un-nuevo-curso-de-cuidador-domiciliario\/\" \/>\n<meta property=\"og:site_name\" content=\"Cruz Roja Argentina Filial Corrientes\" \/>\n<meta property=\"article:published_time\" content=\"2026-03-10T16:58:39+00:00\" \/>\n<meta property=\"og:image\" content=\"https:\/\/www.cruzroja.org.ar\/corrientes\/wp-content\/uploads\/2026\/03\/IMG_6016-scaled.jpg\" \/>\n\t<meta property=\"og:image:width\" content=\"2560\" \/>\n\t<meta property=\"og:image:height\" content=\"1440\" \/>\n\t<meta property=\"og:image:type\" content=\"image\/jpeg\" \/>\n<meta name=\"author\" content=\"maxi\" \/>\n<meta name=\"twitter:card\" content=\"summary\" \/>\n<meta name=\"twitter:label1\" content=\"Escrito por\" \/>\n\t<meta name=\"twitter:data1\" content=\"maxi\" \/>\n\t<meta name=\"twitter:label2\" content=\"Tiempo de lectura\" \/>\n\t<meta name=\"twitter:data2\" content=\"2 minutos\" \/>\n<script type=\"application\/ld+json\" class=\"yoast-schema-graph\">{\"@context\":\"https:\/\/schema.org\",\"@graph\":[{\"@type\":\"WebSite\",\"@id\":\"https:\/\/www.cruzroja.org.ar\/corrientes\/#website\",\"url\":\"https:\/\/www.cruzroja.org.ar\/corrientes\/\",\"name\":\"Cruz Roja Argentina Filial Corrientes\",\"description\":\"Cruz Roja Argentina Filial Corrientes\",\"potentialAction\":[{\"@type\":\"SearchAction\",\"target\":{\"@type\":\"EntryPoint\",\"urlTemplate\":\"https:\/\/www.cruzroja.org.ar\/corrientes\/?s={search_term_string}\"},\"query-input\":\"required name=search_term_string\"}],\"inLanguage\":\"es\"},{\"@type\":\"ImageObject\",\"inLanguage\":\"es\",\"@id\":\"https:\/\/www.cruzroja.org.ar\/corrientes\/cruz-roja-dictara-un-nuevo-curso-de-cuidador-domiciliario\/#primaryimage\",\"url\":\"https:\/\/www.cruzroja.org.ar\/corrientes\/wp-content\/uploads\/2026\/03\/IMG_6016-scaled.jpg\",\"contentUrl\":\"https:\/\/www.cruzroja.org.ar\/corrientes\/wp-content\/uploads\/2026\/03\/IMG_6016-scaled.jpg\",\"width\":2560,\"height\":1440},{\"@type\":\"WebPage\",\"@id\":\"https:\/\/www.cruzroja.org.ar\/corrientes\/cruz-roja-dictara-un-nuevo-curso-de-cuidador-domiciliario\/#webpage\",\"url\":\"https:\/\/www.cruzroja.org.ar\/corrientes\/cruz-roja-dictara-un-nuevo-curso-de-cuidador-domiciliario\/\",\"name\":\"Cruz Roja dictar\u00e1 un nuevo curso de \u201cCuidador Domiciliario\u201d - Cruz Roja Argentina Filial Corrientes\",\"isPartOf\":{\"@id\":\"https:\/\/www.cruzroja.org.ar\/corrientes\/#website\"},\"primaryImageOfPage\":{\"@id\":\"https:\/\/www.cruzroja.org.ar\/corrientes\/cruz-roja-dictara-un-nuevo-curso-de-cuidador-domiciliario\/#primaryimage\"},\"datePublished\":\"2026-03-10T16:58:39+00:00\",\"dateModified\":\"2026-03-10T16:58:39+00:00\",\"author\":{\"@id\":\"https:\/\/www.cruzroja.org.ar\/corrientes\/#\/schema\/person\/d18c90957aebcfe394f8e20e23fa95c2\"},\"breadcrumb\":{\"@id\":\"https:\/\/www.cruzroja.org.ar\/corrientes\/cruz-roja-dictara-un-nuevo-curso-de-cuidador-domiciliario\/#breadcrumb\"},\"inLanguage\":\"es\",\"potentialAction\":[{\"@type\":\"ReadAction\",\"target\":[\"https:\/\/www.cruzroja.org.ar\/corrientes\/cruz-roja-dictara-un-nuevo-curso-de-cuidador-domiciliario\/\"]}]},{\"@type\":\"BreadcrumbList\",\"@id\":\"https:\/\/www.cruzroja.org.ar\/corrientes\/cruz-roja-dictara-un-nuevo-curso-de-cuidador-domiciliario\/#breadcrumb\",\"itemListElement\":[{\"@type\":\"ListItem\",\"position\":1,\"name\":\"Portada\",\"item\":\"https:\/\/www.cruzroja.org.ar\/corrientes\/\"},{\"@type\":\"ListItem\",\"position\":2,\"name\":\"Cruz Roja dictar\u00e1 un nuevo curso de \u201cCuidador Domiciliario\u201d\"}]},{\"@type\":\"Person\",\"@id\":\"https:\/\/www.cruzroja.org.ar\/corrientes\/#\/schema\/person\/d18c90957aebcfe394f8e20e23fa95c2\",\"name\":\"maxi\",\"image\":{\"@type\":\"ImageObject\",\"inLanguage\":\"es\",\"@id\":\"https:\/\/www.cruzroja.org.ar\/corrientes\/#\/schema\/person\/image\/\",\"url\":\"https:\/\/secure.gravatar.com\/avatar\/593c15201a4324e157fbe54bfdaf9439?s=96&d=mm&r=g\",\"contentUrl\":\"https:\/\/secure.gravatar.com\/avatar\/593c15201a4324e157fbe54bfdaf9439?s=96&d=mm&r=g\",\"caption\":\"maxi\"},\"url\":\"https:\/\/www.cruzroja.org.ar\/corrientes\/author\/maxi\/\"}]}<\/script>\n<!-- \/ Yoast SEO plugin. -->","yoast_head_json":{"title":"Cruz Roja dictar\u00e1 un nuevo curso de \u201cCuidador Domiciliario\u201d - Cruz Roja Argentina Filial Corrientes","robots":{"index":"index","follow":"follow","max-snippet":"max-snippet:-1","max-image-preview":"max-image-preview:large","max-video-preview":"max-video-preview:-1"},"canonical":"https:\/\/www.cruzroja.org.ar\/corrientes\/cruz-roja-dictara-un-nuevo-curso-de-cuidador-domiciliario\/","og_locale":"es_ES","og_type":"article","og_title":"Cruz Roja dictar\u00e1 un nuevo curso de \u201cCuidador Domiciliario\u201d - Cruz Roja Argentina Filial Corrientes","og_description":"El curso se dictar\u00e1 por segunda vez en la sede de la organizaci\u00f3n humanitaria. Est\u00e1 dirigido a toda la comunidad y las clases se desarrollar\u00e1n los s\u00e1bados por la ma\u00f1ana. Las inscripciones pueden realizarse en Bol\u00edvar 1219 o de manera virtual, y los cupos son limitados.","og_url":"https:\/\/www.cruzroja.org.ar\/corrientes\/cruz-roja-dictara-un-nuevo-curso-de-cuidador-domiciliario\/","og_site_name":"Cruz Roja Argentina Filial Corrientes","article_published_time":"2026-03-10T16:58:39+00:00","og_image":[{"width":2560,"height":1440,"url":"https:\/\/www.cruzroja.org.ar\/corrientes\/wp-content\/uploads\/2026\/03\/IMG_6016-scaled.jpg","type":"image\/jpeg"}],"author":"maxi","twitter_card":"summary","twitter_misc":{"Escrito por":"maxi","Tiempo de lectura":"2 minutos"},"schema":{"@context":"https:\/\/schema.org","@graph":[{"@type":"WebSite","@id":"https:\/\/www.cruzroja.org.ar\/corrientes\/#website","url":"https:\/\/www.cruzroja.org.ar\/corrientes\/","name":"Cruz Roja Argentina Filial Corrientes","description":"Cruz Roja Argentina Filial Corrientes","potentialAction":[{"@type":"SearchAction","target":{"@type":"EntryPoint","urlTemplate":"https:\/\/www.cruzroja.org.ar\/corrientes\/?s={search_term_string}"},"query-input":"required name=search_term_string"}],"inLanguage":"es"},{"@type":"ImageObject","inLanguage":"es","@id":"https:\/\/www.cruzroja.org.ar\/corrientes\/cruz-roja-dictara-un-nuevo-curso-de-cuidador-domiciliario\/#primaryimage","url":"https:\/\/www.cruzroja.org.ar\/corrientes\/wp-content\/uploads\/2026\/03\/IMG_6016-scaled.jpg","contentUrl":"https:\/\/www.cruzroja.org.ar\/corrientes\/wp-content\/uploads\/2026\/03\/IMG_6016-scaled.jpg","width":2560,"height":1440},{"@type":"WebPage","@id":"https:\/\/www.cruzroja.org.ar\/corrientes\/cruz-roja-dictara-un-nuevo-curso-de-cuidador-domiciliario\/#webpage","url":"https:\/\/www.cruzroja.org.ar\/corrientes\/cruz-roja-dictara-un-nuevo-curso-de-cuidador-domiciliario\/","name":"Cruz Roja dictar\u00e1 un nuevo curso de \u201cCuidador Domiciliario\u201d - Cruz Roja Argentina Filial Corrientes","isPartOf":{"@id":"https:\/\/www.cruzroja.org.ar\/corrientes\/#website"},"primaryImageOfPage":{"@id":"https:\/\/www.cruzroja.org.ar\/corrientes\/cruz-roja-dictara-un-nuevo-curso-de-cuidador-domiciliario\/#primaryimage"},"datePublished":"2026-03-10T16:58:39+00:00","dateModified":"2026-03-10T16:58:39+00:00","author":{"@id":"https:\/\/www.cruzroja.org.ar\/corrientes\/#\/schema\/person\/d18c90957aebcfe394f8e20e23fa95c2"},"breadcrumb":{"@id":"https:\/\/www.cruzroja.org.ar\/corrientes\/cruz-roja-dictara-un-nuevo-curso-de-cuidador-domiciliario\/#breadcrumb"},"inLanguage":"es","potentialAction":[{"@type":"ReadAction","target":["https:\/\/www.cruzroja.org.ar\/corrientes\/cruz-roja-dictara-un-nuevo-curso-de-cuidador-domiciliario\/"]}]},{"@type":"BreadcrumbList","@id":"https:\/\/www.cruzroja.org.ar\/corrientes\/cruz-roja-dictara-un-nuevo-curso-de-cuidador-domiciliario\/#breadcrumb","itemListElement":[{"@type":"ListItem","position":1,"name":"Portada","item":"https:\/\/www.cruzroja.org.ar\/corrientes\/"},{"@type":"ListItem","position":2,"name":"Cruz Roja dictar\u00e1 un nuevo curso de \u201cCuidador Domiciliario\u201d"}]},{"@type":"Person","@id":"https:\/\/www.cruzroja.org.ar\/corrientes\/#\/schema\/person\/d18c90957aebcfe394f8e20e23fa95c2","name":"maxi","image":{"@type":"ImageObject","inLanguage":"es","@id":"https:\/\/www.cruzroja.org.ar\/corrientes\/#\/schema\/person\/image\/","url":"https:\/\/secure.gravatar.com\/avatar\/593c15201a4324e157fbe54bfdaf9439?s=96&d=mm&r=g","contentUrl":"https:\/\/secure.gravatar.com\/avatar\/593c15201a4324e157fbe54bfdaf9439?s=96&d=mm&r=g","caption":"maxi"},"url":"https:\/\/www.cruzroja.org.ar\/corrientes\/author\/maxi\/"}]}},"_links":{"self":[{"href":"https:\/\/www.cruzroja.org.ar\/corrientes\/wp-json\/wp\/v2\/posts\/4385"}],"collection":[{"href":"https:\/\/www.cruzroja.org.ar\/corrientes\/wp-json\/wp\/v2\/posts"}],"about":[{"href":"https:\/\/www.cruzroja.org.ar\/corrientes\/wp-json\/wp\/v2\/types\/post"}],"author":[{"embeddable":true,"href":"https:\/\/www.cruzroja.org.ar\/corrientes\/wp-json\/wp\/v2\/users\/2"}],"replies":[{"embeddable":true,"href":"https:\/\/www.cruzroja.org.ar\/corrientes\/wp-json\/wp\/v2\/comments?post=4385"}],"version-history":[{"count":1,"href":"https:\/\/www.cruzroja.org.ar\/corrientes\/wp-json\/wp\/v2\/posts\/4385\/revisions"}],"predecessor-version":[{"id":4387,"href":"https:\/\/www.cruzroja.org.ar\/corrientes\/wp-json\/wp\/v2\/posts\/4385\/revisions\/4387"}],"wp:featuredmedia":[{"embeddable":true,"href":"https:\/\/www.cruzroja.org.ar\/corrientes\/wp-json\/wp\/v2\/media\/4386"}],"wp:attachment":[{"href":"https:\/\/www.cruzroja.org.ar\/corrientes\/wp-json\/wp\/v2\/media?parent=4385"}],"wp:term":[{"taxonomy":"category","embeddable":true,"href":"https:\/\/www.cruzroja.org.ar\/corrientes\/wp-json\/wp\/v2\/categories?post=4385"},{"taxonomy":"post_tag","embeddable":true,"href":"https:\/\/www.cruzroja.org.ar\/corrientes\/wp-json\/wp\/v2\/tags?post=4385"}],"curies":[{"name":"wp","href":"https:\/\/api.w.org\/{rel}","templated":true}]}}